{"id":508,"date":"2016-05-27T10:07:40","date_gmt":"2016-05-27T10:07:40","guid":{"rendered":"https:\/\/elisaele.wordpress.com\/?p=508"},"modified":"2016-05-27T10:07:40","modified_gmt":"2016-05-27T10:07:40","slug":"capitulo-3-conectar-el-contenido-con-la-experiencia","status":"publish","type":"post","link":"https:\/\/elisaele.com\/index.php\/2016\/05\/27\/capitulo-3-conectar-el-contenido-con-la-experiencia\/","title":{"rendered":"Cap\u00edtulo 3. Conectar el contenido con la experiencia."},"content":{"rendered":"<p>En esta ocasi\u00f3n mi actividad tiene como objetivo practicar el uso del pret\u00e9rito perfecto, he elegido esta imagen porque mis alumnos son adultos\u00a0 y\u00a0 les gusta viajar, estoy segura\u00a0 de que\u00a0 la imagen les evocar\u00e1\u00a0 sensaciones, emociones, recuerdos o quiz\u00e1s alg\u00fan deseo.<\/p>\n<p>La idea es que observen la imagen, despu\u00e9s hagan clic en los pines para repasar la forma del pret\u00e9rito perfecto y para finalizar la actividad\u00a0 ya sea de manera oral o escrita nos cuenten si han estado en un lugar as\u00ed, d\u00f3nde, que han hecho , si les ha gustado &#8230;.<\/p>\n<p style=\"text-align:center;\"><!--more--><\/p>\n<h1>ACTIVIDAD<\/h1>\n<h4>Este\u00a0 verano he ido\u00a0 a un lugar maravilloso.<\/h4>\n<ol>\n<li>Haz click en la imagen y observala bien, despu\u00e9s haz clic en los\u00a0 pines <img loading=\"lazy\" decoding=\"async\" class=\"alignnone  wp-image-561\" src=\"https:\/\/elisaele.files.wordpress.com\/2016\/05\/pines.png\" alt=\"pines\" width=\"48\" height=\"26\" \/> para descubrir\u00a0 qu\u00e9 he hecho estas vacaciones.<\/li>\n<\/ol>\n<p><a href=\"http:\/\/www.genial.ly\/View\/Index\/574744dca7215f301878bdde\" target=\"_blank\" rel=\"noopener\"><img loading=\"lazy\" decoding=\"async\" class=\"alignnone size-full wp-image-525\" src=\"https:\/\/elisaele.files.wordpress.com\/2016\/05\/playa-del-carmen.jpg\" alt=\"Playa-Del-Carmen.jpg\" width=\"1920\" height=\"1200\" srcset=\"https:\/\/elisaele.com\/wp-content\/uploads\/2016\/05\/playa-del-carmen.jpg 1920w, https:\/\/elisaele.com\/wp-content\/uploads\/2016\/05\/playa-del-carmen-300x188.jpg 300w, https:\/\/elisaele.com\/wp-content\/uploads\/2016\/05\/playa-del-carmen-1024x640.jpg 1024w, https:\/\/elisaele.com\/wp-content\/uploads\/2016\/05\/playa-del-carmen-768x480.jpg 768w, https:\/\/elisaele.com\/wp-content\/uploads\/2016\/05\/playa-del-carmen-1536x960.jpg 1536w\" sizes=\"auto, (max-width: 1920px) 100vw, 1920px\" \/><\/a><\/p>\n<h1><span style=\"color:#003366;\">\u00a0\u00a0 2. Y \u00bft\u00fa?<br \/>\n<\/span><\/h1>\n<h4>\u00bfHas estado alguna vez en un lugar as\u00ed?<\/h4>\n<p>\u00bfD\u00f3nde has estado?<\/p>\n<p>\u00bfQue has hecho?<\/p>\n<p>\u00bfTe ha gustado?<\/p>\n","protected":false},"excerpt":{"rendered":"<p>En esta ocasi\u00f3n mi actividad tiene como objetivo practicar el uso del pret\u00e9rito perfecto, he elegido esta imagen porque mis alumnos son adultos\u00a0 y\u00a0 les [&hellip;]<\/p>\n","protected":false},"author":1,"featured_media":0,"comment_status":"open","ping_status":"open","sticky":false,"template":"","format":"standard","meta":{"footnotes":""},"categories":[57,4],"tags":[18,78,12],"class_list":["post-508","post","type-post","status-publish","format-standard","hentry","category-actividades","category-pdp","tag-a1","tag-perfekt","tag-spanisch"],"yoast_head":"<!-- This site is optimized with the Yoast SEO plugin v27.5 - https:\/\/yoast.com\/product\/yoast-seo-wordpress\/ -->\n<title>Cap\u00edtulo 3. Conectar el contenido con la experiencia. - elisaele<\/title>\n<meta name=\"robots\" content=\"index, follow, max-snippet:-1, max-image-preview:large, max-video-preview:-1\" \/>\n<link rel=\"canonical\" href=\"https:\/\/elisaele.com\/index.php\/2016\/05\/27\/capitulo-3-conectar-el-contenido-con-la-experiencia\/\" \/>\n<meta property=\"og:locale\" content=\"es_ES\" \/>\n<meta property=\"og:type\" content=\"article\" \/>\n<meta property=\"og:title\" content=\"Cap\u00edtulo 3. Conectar el contenido con la experiencia. - elisaele\" \/>\n<meta property=\"og:description\" content=\"En esta ocasi\u00f3n mi actividad tiene como objetivo practicar el uso del pret\u00e9rito perfecto, he elegido esta imagen porque mis alumnos son adultos\u00a0 y\u00a0 les [&hellip;]\" \/>\n<meta property=\"og:url\" content=\"https:\/\/elisaele.com\/index.php\/2016\/05\/27\/capitulo-3-conectar-el-contenido-con-la-experiencia\/\" \/>\n<meta property=\"og:site_name\" content=\"elisaele\" \/>\n<meta property=\"article:published_time\" content=\"2016-05-27T10:07:40+00:00\" \/>\n<meta property=\"og:image\" content=\"https:\/\/elisaele.com\/wp-content\/uploads\/2016\/05\/pines.png\" \/>\n\t<meta property=\"og:image:width\" content=\"116\" \/>\n\t<meta property=\"og:image:height\" content=\"64\" \/>\n\t<meta property=\"og:image:type\" content=\"image\/png\" \/>\n<meta name=\"author\" content=\"admin\" \/>\n<meta name=\"twitter:card\" content=\"summary_large_image\" \/>\n<meta name=\"twitter:label1\" content=\"Escrito por\" \/>\n\t<meta name=\"twitter:data1\" content=\"admin\" \/>\n\t<meta name=\"twitter:label2\" content=\"Tiempo de lectura\" \/>\n\t<meta name=\"twitter:data2\" content=\"1 minuto\" \/>\n<script type=\"application\/ld+json\" class=\"yoast-schema-graph\">{\"@context\":\"https:\\\/\\\/schema.org\",\"@graph\":[{\"@type\":\"Article\",\"@id\":\"https:\\\/\\\/elisaele.com\\\/index.php\\\/2016\\\/05\\\/27\\\/capitulo-3-conectar-el-contenido-con-la-experiencia\\\/#article\",\"isPartOf\":{\"@id\":\"https:\\\/\\\/elisaele.com\\\/index.php\\\/2016\\\/05\\\/27\\\/capitulo-3-conectar-el-contenido-con-la-experiencia\\\/\"},\"author\":{\"name\":\"admin\",\"@id\":\"https:\\\/\\\/elisaele.com\\\/#\\\/schema\\\/person\\\/cec6949c3e0714a64fe96103ef7f66f0\"},\"headline\":\"Cap\u00edtulo 3. Conectar el contenido con la experiencia.\",\"datePublished\":\"2016-05-27T10:07:40+00:00\",\"mainEntityOfPage\":{\"@id\":\"https:\\\/\\\/elisaele.com\\\/index.php\\\/2016\\\/05\\\/27\\\/capitulo-3-conectar-el-contenido-con-la-experiencia\\\/\"},\"wordCount\":157,\"commentCount\":1,\"publisher\":{\"@id\":\"https:\\\/\\\/elisaele.com\\\/#organization\"},\"image\":{\"@id\":\"https:\\\/\\\/elisaele.com\\\/index.php\\\/2016\\\/05\\\/27\\\/capitulo-3-conectar-el-contenido-con-la-experiencia\\\/#primaryimage\"},\"thumbnailUrl\":\"https:\\\/\\\/elisaele.files.wordpress.com\\\/2016\\\/05\\\/pines.png\",\"keywords\":[\"A1\",\"perfekt\",\"Spanisch\"],\"articleSection\":[\"Actividades\",\"PDP\"],\"inLanguage\":\"es\",\"potentialAction\":[{\"@type\":\"CommentAction\",\"name\":\"Comment\",\"target\":[\"https:\\\/\\\/elisaele.com\\\/index.php\\\/2016\\\/05\\\/27\\\/capitulo-3-conectar-el-contenido-con-la-experiencia\\\/#respond\"]}]},{\"@type\":\"WebPage\",\"@id\":\"https:\\\/\\\/elisaele.com\\\/index.php\\\/2016\\\/05\\\/27\\\/capitulo-3-conectar-el-contenido-con-la-experiencia\\\/\",\"url\":\"https:\\\/\\\/elisaele.com\\\/index.php\\\/2016\\\/05\\\/27\\\/capitulo-3-conectar-el-contenido-con-la-experiencia\\\/\",\"name\":\"Cap\u00edtulo 3. Conectar el contenido con la experiencia. - elisaele\",\"isPartOf\":{\"@id\":\"https:\\\/\\\/elisaele.com\\\/#website\"},\"primaryImageOfPage\":{\"@id\":\"https:\\\/\\\/elisaele.com\\\/index.php\\\/2016\\\/05\\\/27\\\/capitulo-3-conectar-el-contenido-con-la-experiencia\\\/#primaryimage\"},\"image\":{\"@id\":\"https:\\\/\\\/elisaele.com\\\/index.php\\\/2016\\\/05\\\/27\\\/capitulo-3-conectar-el-contenido-con-la-experiencia\\\/#primaryimage\"},\"thumbnailUrl\":\"https:\\\/\\\/elisaele.files.wordpress.com\\\/2016\\\/05\\\/pines.png\",\"datePublished\":\"2016-05-27T10:07:40+00:00\",\"breadcrumb\":{\"@id\":\"https:\\\/\\\/elisaele.com\\\/index.php\\\/2016\\\/05\\\/27\\\/capitulo-3-conectar-el-contenido-con-la-experiencia\\\/#breadcrumb\"},\"inLanguage\":\"es\",\"potentialAction\":[{\"@type\":\"ReadAction\",\"target\":[\"https:\\\/\\\/elisaele.com\\\/index.php\\\/2016\\\/05\\\/27\\\/capitulo-3-conectar-el-contenido-con-la-experiencia\\\/\"]}]},{\"@type\":\"ImageObject\",\"inLanguage\":\"es\",\"@id\":\"https:\\\/\\\/elisaele.com\\\/index.php\\\/2016\\\/05\\\/27\\\/capitulo-3-conectar-el-contenido-con-la-experiencia\\\/#primaryimage\",\"url\":\"https:\\\/\\\/elisaele.files.wordpress.com\\\/2016\\\/05\\\/pines.png\",\"contentUrl\":\"https:\\\/\\\/elisaele.files.wordpress.com\\\/2016\\\/05\\\/pines.png\"},{\"@type\":\"BreadcrumbList\",\"@id\":\"https:\\\/\\\/elisaele.com\\\/index.php\\\/2016\\\/05\\\/27\\\/capitulo-3-conectar-el-contenido-con-la-experiencia\\\/#breadcrumb\",\"itemListElement\":[{\"@type\":\"ListItem\",\"position\":1,\"name\":\"Home\",\"item\":\"https:\\\/\\\/elisaele.com\\\/\"},{\"@type\":\"ListItem\",\"position\":2,\"name\":\"Cap\u00edtulo 3. Conectar el contenido con la experiencia.\"}]},{\"@type\":\"WebSite\",\"@id\":\"https:\\\/\\\/elisaele.com\\\/#website\",\"url\":\"https:\\\/\\\/elisaele.com\\\/\",\"name\":\"elisaele\",\"description\":\"elisaele: recursos para la clase de espa\u00f1ol como lengua extranjera\",\"publisher\":{\"@id\":\"https:\\\/\\\/elisaele.com\\\/#organization\"},\"potentialAction\":[{\"@type\":\"SearchAction\",\"target\":{\"@type\":\"EntryPoint\",\"urlTemplate\":\"https:\\\/\\\/elisaele.com\\\/?s={search_term_string}\"},\"query-input\":{\"@type\":\"PropertyValueSpecification\",\"valueRequired\":true,\"valueName\":\"search_term_string\"}}],\"inLanguage\":\"es\"},{\"@type\":\"Organization\",\"@id\":\"https:\\\/\\\/elisaele.com\\\/#organization\",\"name\":\"elisaele\",\"url\":\"https:\\\/\\\/elisaele.com\\\/\",\"logo\":{\"@type\":\"ImageObject\",\"inLanguage\":\"es\",\"@id\":\"https:\\\/\\\/elisaele.com\\\/#\\\/schema\\\/logo\\\/image\\\/\",\"url\":\"https:\\\/\\\/elisaele.com\\\/wp-content\\\/uploads\\\/2025\\\/01\\\/cropped-cropped-recursos_para_profesores__ele.png\",\"contentUrl\":\"https:\\\/\\\/elisaele.com\\\/wp-content\\\/uploads\\\/2025\\\/01\\\/cropped-cropped-recursos_para_profesores__ele.png\",\"width\":361,\"height\":221,\"caption\":\"elisaele\"},\"image\":{\"@id\":\"https:\\\/\\\/elisaele.com\\\/#\\\/schema\\\/logo\\\/image\\\/\"}},{\"@type\":\"Person\",\"@id\":\"https:\\\/\\\/elisaele.com\\\/#\\\/schema\\\/person\\\/cec6949c3e0714a64fe96103ef7f66f0\",\"name\":\"admin\",\"image\":{\"@type\":\"ImageObject\",\"inLanguage\":\"es\",\"@id\":\"https:\\\/\\\/secure.gravatar.com\\\/avatar\\\/bc5a8b24b05b120e305608f70846fb6f3ffe3f0481e6410c49ef1a05e046a800?s=96&d=mm&r=g\",\"url\":\"https:\\\/\\\/secure.gravatar.com\\\/avatar\\\/bc5a8b24b05b120e305608f70846fb6f3ffe3f0481e6410c49ef1a05e046a800?s=96&d=mm&r=g\",\"contentUrl\":\"https:\\\/\\\/secure.gravatar.com\\\/avatar\\\/bc5a8b24b05b120e305608f70846fb6f3ffe3f0481e6410c49ef1a05e046a800?s=96&d=mm&r=g\",\"caption\":\"admin\"},\"sameAs\":[\"https:\\\/\\\/elisaele.com\"],\"url\":\"https:\\\/\\\/elisaele.com\\\/index.php\\\/author\\\/admin\\\/\"}]}<\/script>\n<!-- \/ Yoast SEO plugin. -->","yoast_head_json":{"title":"Cap\u00edtulo 3. Conectar el contenido con la experiencia. - elisaele","robots":{"index":"index","follow":"follow","max-snippet":"max-snippet:-1","max-image-preview":"max-image-preview:large","max-video-preview":"max-video-preview:-1"},"canonical":"https:\/\/elisaele.com\/index.php\/2016\/05\/27\/capitulo-3-conectar-el-contenido-con-la-experiencia\/","og_locale":"es_ES","og_type":"article","og_title":"Cap\u00edtulo 3. Conectar el contenido con la experiencia. - elisaele","og_description":"En esta ocasi\u00f3n mi actividad tiene como objetivo practicar el uso del pret\u00e9rito perfecto, he elegido esta imagen porque mis alumnos son adultos\u00a0 y\u00a0 les [&hellip;]","og_url":"https:\/\/elisaele.com\/index.php\/2016\/05\/27\/capitulo-3-conectar-el-contenido-con-la-experiencia\/","og_site_name":"elisaele","article_published_time":"2016-05-27T10:07:40+00:00","og_image":[{"width":116,"height":64,"url":"https:\/\/elisaele.com\/wp-content\/uploads\/2016\/05\/pines.png","type":"image\/png"}],"author":"admin","twitter_card":"summary_large_image","twitter_misc":{"Escrito por":"admin","Tiempo de lectura":"1 minuto"},"schema":{"@context":"https:\/\/schema.org","@graph":[{"@type":"Article","@id":"https:\/\/elisaele.com\/index.php\/2016\/05\/27\/capitulo-3-conectar-el-contenido-con-la-experiencia\/#article","isPartOf":{"@id":"https:\/\/elisaele.com\/index.php\/2016\/05\/27\/capitulo-3-conectar-el-contenido-con-la-experiencia\/"},"author":{"name":"admin","@id":"https:\/\/elisaele.com\/#\/schema\/person\/cec6949c3e0714a64fe96103ef7f66f0"},"headline":"Cap\u00edtulo 3. Conectar el contenido con la experiencia.","datePublished":"2016-05-27T10:07:40+00:00","mainEntityOfPage":{"@id":"https:\/\/elisaele.com\/index.php\/2016\/05\/27\/capitulo-3-conectar-el-contenido-con-la-experiencia\/"},"wordCount":157,"commentCount":1,"publisher":{"@id":"https:\/\/elisaele.com\/#organization"},"image":{"@id":"https:\/\/elisaele.com\/index.php\/2016\/05\/27\/capitulo-3-conectar-el-contenido-con-la-experiencia\/#primaryimage"},"thumbnailUrl":"https:\/\/elisaele.files.wordpress.com\/2016\/05\/pines.png","keywords":["A1","perfekt","Spanisch"],"articleSection":["Actividades","PDP"],"inLanguage":"es","potentialAction":[{"@type":"CommentAction","name":"Comment","target":["https:\/\/elisaele.com\/index.php\/2016\/05\/27\/capitulo-3-conectar-el-contenido-con-la-experiencia\/#respond"]}]},{"@type":"WebPage","@id":"https:\/\/elisaele.com\/index.php\/2016\/05\/27\/capitulo-3-conectar-el-contenido-con-la-experiencia\/","url":"https:\/\/elisaele.com\/index.php\/2016\/05\/27\/capitulo-3-conectar-el-contenido-con-la-experiencia\/","name":"Cap\u00edtulo 3. Conectar el contenido con la experiencia. - elisaele","isPartOf":{"@id":"https:\/\/elisaele.com\/#website"},"primaryImageOfPage":{"@id":"https:\/\/elisaele.com\/index.php\/2016\/05\/27\/capitulo-3-conectar-el-contenido-con-la-experiencia\/#primaryimage"},"image":{"@id":"https:\/\/elisaele.com\/index.php\/2016\/05\/27\/capitulo-3-conectar-el-contenido-con-la-experiencia\/#primaryimage"},"thumbnailUrl":"https:\/\/elisaele.files.wordpress.com\/2016\/05\/pines.png","datePublished":"2016-05-27T10:07:40+00:00","breadcrumb":{"@id":"https:\/\/elisaele.com\/index.php\/2016\/05\/27\/capitulo-3-conectar-el-contenido-con-la-experiencia\/#breadcrumb"},"inLanguage":"es","potentialAction":[{"@type":"ReadAction","target":["https:\/\/elisaele.com\/index.php\/2016\/05\/27\/capitulo-3-conectar-el-contenido-con-la-experiencia\/"]}]},{"@type":"ImageObject","inLanguage":"es","@id":"https:\/\/elisaele.com\/index.php\/2016\/05\/27\/capitulo-3-conectar-el-contenido-con-la-experiencia\/#primaryimage","url":"https:\/\/elisaele.files.wordpress.com\/2016\/05\/pines.png","contentUrl":"https:\/\/elisaele.files.wordpress.com\/2016\/05\/pines.png"},{"@type":"BreadcrumbList","@id":"https:\/\/elisaele.com\/index.php\/2016\/05\/27\/capitulo-3-conectar-el-contenido-con-la-experiencia\/#breadcrumb","itemListElement":[{"@type":"ListItem","position":1,"name":"Home","item":"https:\/\/elisaele.com\/"},{"@type":"ListItem","position":2,"name":"Cap\u00edtulo 3. Conectar el contenido con la experiencia."}]},{"@type":"WebSite","@id":"https:\/\/elisaele.com\/#website","url":"https:\/\/elisaele.com\/","name":"elisaele","description":"elisaele: recursos para la clase de espa\u00f1ol como lengua extranjera","publisher":{"@id":"https:\/\/elisaele.com\/#organization"},"potentialAction":[{"@type":"SearchAction","target":{"@type":"EntryPoint","urlTemplate":"https:\/\/elisaele.com\/?s={search_term_string}"},"query-input":{"@type":"PropertyValueSpecification","valueRequired":true,"valueName":"search_term_string"}}],"inLanguage":"es"},{"@type":"Organization","@id":"https:\/\/elisaele.com\/#organization","name":"elisaele","url":"https:\/\/elisaele.com\/","logo":{"@type":"ImageObject","inLanguage":"es","@id":"https:\/\/elisaele.com\/#\/schema\/logo\/image\/","url":"https:\/\/elisaele.com\/wp-content\/uploads\/2025\/01\/cropped-cropped-recursos_para_profesores__ele.png","contentUrl":"https:\/\/elisaele.com\/wp-content\/uploads\/2025\/01\/cropped-cropped-recursos_para_profesores__ele.png","width":361,"height":221,"caption":"elisaele"},"image":{"@id":"https:\/\/elisaele.com\/#\/schema\/logo\/image\/"}},{"@type":"Person","@id":"https:\/\/elisaele.com\/#\/schema\/person\/cec6949c3e0714a64fe96103ef7f66f0","name":"admin","image":{"@type":"ImageObject","inLanguage":"es","@id":"https:\/\/secure.gravatar.com\/avatar\/bc5a8b24b05b120e305608f70846fb6f3ffe3f0481e6410c49ef1a05e046a800?s=96&d=mm&r=g","url":"https:\/\/secure.gravatar.com\/avatar\/bc5a8b24b05b120e305608f70846fb6f3ffe3f0481e6410c49ef1a05e046a800?s=96&d=mm&r=g","contentUrl":"https:\/\/secure.gravatar.com\/avatar\/bc5a8b24b05b120e305608f70846fb6f3ffe3f0481e6410c49ef1a05e046a800?s=96&d=mm&r=g","caption":"admin"},"sameAs":["https:\/\/elisaele.com"],"url":"https:\/\/elisaele.com\/index.php\/author\/admin\/"}]}},"comment_count":"1","_links":{"self":[{"href":"https:\/\/elisaele.com\/index.php\/wp-json\/wp\/v2\/posts\/508","targetHints":{"allow":["GET"]}}],"collection":[{"href":"https:\/\/elisaele.com\/index.php\/wp-json\/wp\/v2\/posts"}],"about":[{"href":"https:\/\/elisaele.com\/index.php\/wp-json\/wp\/v2\/types\/post"}],"author":[{"embeddable":true,"href":"https:\/\/elisaele.com\/index.php\/wp-json\/wp\/v2\/users\/1"}],"replies":[{"embeddable":true,"href":"https:\/\/elisaele.com\/index.php\/wp-json\/wp\/v2\/comments?post=508"}],"version-history":[{"count":0,"href":"https:\/\/elisaele.com\/index.php\/wp-json\/wp\/v2\/posts\/508\/revisions"}],"wp:attachment":[{"href":"https:\/\/elisaele.com\/index.php\/wp-json\/wp\/v2\/media?parent=508"}],"wp:term":[{"taxonomy":"category","embeddable":true,"href":"https:\/\/elisaele.com\/index.php\/wp-json\/wp\/v2\/categories?post=508"},{"taxonomy":"post_tag","embeddable":true,"href":"https:\/\/elisaele.com\/index.php\/wp-json\/wp\/v2\/tags?post=508"}],"curies":[{"name":"wp","href":"https:\/\/api.w.org\/{rel}","templated":true}]}}